{"id":52,"date":"2025-03-27T13:39:16","date_gmt":"2025-03-27T12:39:16","guid":{"rendered":"https:\/\/www.technology-guerilla.de\/?p=52"},"modified":"2025-03-27T14:00:42","modified_gmt":"2025-03-27T13:00:42","slug":"die-zustaende-werden-immer-schlimmer","status":"publish","type":"post","link":"https:\/\/www.technology-guerilla.de\/?p=52","title":{"rendered":"Die Zust\u00e4nde in Europa werden immer schlimmer"},"content":{"rendered":"\n<p>\u201c\u201eEU-Tag der Bereitschaft\u201c an Schulen geplant\u201c<\/p>\n\n\n\n<p>Derartige Ma\u00dfnahmen sind f\u00fcr historisch Interessierte keine Anzeichen f\u00fcr eine freiheitliche, demokratische und verantwortungsvolle Regierung.<\/p>\n\n\n\n<p>\u201cDie Strategie basiert auf einem Bericht des ehemaligen finischen Ministerpr\u00e4sidenten Sauli Niinist\u00f6, der die Notwendigkeit einer verbesserten zivilen und milit\u00e4rischen Bereitschaft der EU betont.\u201c<\/p>\n\n\n\n<p>Die europ\u00e4ische Union und zB. Deutschland betreibt eine nicht zu \u00fcbersehende Agenda der \u201eKriegstreiberei\u201c und Aussagen \u00fcber die angebliche Notwendigkeit von \u201eKriegsf\u00fchrungsbereitschaft\u201c durch den vormaligen Minister Pistorius sind aktiv formuliert.<\/p>\n\n\n\n<p>Bestimmte Personen wollen Krieg f\u00fchren und Russland wird als der Gegner geframt, der sich aber aus welchen Gr\u00fcnden auch immer, bis 202x-203x Zeit l\u00e4sst um anzugreifen. W\u00fcrde man sich verantwortlich machen, w\u00fcrde man von Verteidigungsbereitschaft sprechen, wenn man sich um die eigene Bev\u00f6lkerung k\u00fcmmern w\u00fcrde.<\/p>\n\n\n\n<p>Aber selbst bei den angeblichen Investitionen in die deutsche Infrastruktur geht es um die Frage nach dem Transport von Milit\u00e4r durch das Land als Transport- und Logistikhub. <br>Selbst wenn die astronomische Verschuldung der Bundeswehr wieder funktionierendes Material in ausreichender Menge verschaffen sollte, bleibt weiterhin die Frage woher die notwendige Anzahl an Soldaten kommen soll. Wenn man Jahrelang alles M\u00e4nnliche als toxisch bezeichnet, eine regelrechte Benachteiligung von Jungen und M\u00e4nnern zumindest toleriert und die notwendigen Werte, die jeder pers\u00f6nlich entwickeln m\u00fcsste, um \u00fcberhaupt an eine Verteidigung des eigenen Landes zu denken zerst\u00f6rt hat, k\u00f6nnte es schwierig werden.<\/p>\n\n\n\n<p>Welche sogenannten \u201eWerte\u201c sollte der deutsche Soldat in zB. der Ukraine mit seinem Leben verteidigen? Die unbegrenzte Zuwanderung von \u201eFl\u00fcchtlingen\u201c, die grenzenlose Verschuldung durch die neo-linken Parteien unter Merz oder den Schutz vor dem Klimawandel. <\/p>\n\n\n\n<p>Quelle: <a href=\"https:\/\/www.achgut.com\/artikel\/eu_kommission_will_schueler_krisenfest_machen_unfertig\">https:\/\/www.achgut.com\/artikel\/eu_kommission_will_schueler_krisenfest_machen_unfertig<\/a><\/p>\n\n\n\n<p>Ein weiterer Stein in der Mauer aus Kriegstreiberei, Angstmacherei und einer Politik gegen die Interessen der Menschen in Europa. Alles durch eine nicht demokratisch legitimierte Gruppe von Politikern, deren eigenen L\u00e4nder auf die pers\u00f6nliche Anwesenheit der Personen, ohne das daraus Probleme bekannt geworden w\u00e4ren. Da wurden vermutlich nicht die Besten der Besten hingeschickt. <\/p>\n\n\n\n<p><\/p>\n","protected":false},"excerpt":{"rendered":"<p>\u201c\u201eEU-Tag der Bereitschaft\u201c an Schulen geplant\u201c Derartige Ma\u00dfnahmen sind f\u00fcr historisch Interessierte keine Anzeichen f\u00fcr eine freiheitliche, demokratische und verantwortungsvolle Regierung. \u201cDie Strategie basiert auf einem Bericht des ehemaligen finischen Ministerpr\u00e4sidenten Sauli Niinist\u00f6, der die Notwendigkeit einer verbesserten zivilen und milit\u00e4rischen Bereitschaft der EU betont.\u201c Die europ\u00e4ische Union und zB. Deutschland betreibt eine nicht zu [&hellip;]<\/p>\n","protected":false},"author":2,"featured_media":0,"comment_status":"open","ping_status":"","sticky":false,"template":"","format":"standard","meta":{"_jetpack_memberships_contains_paid_content":false,"footnotes":""},"categories":[1],"tags":[12,10,11],"class_list":["post-52","post","type-post","status-publish","format-standard","hentry","category-uncategorized","tag-angst","tag-eu","tag-europa"],"jetpack_featured_media_url":"","jetpack_sharing_enabled":true,"_links":{"self":[{"href":"https:\/\/www.technology-guerilla.de\/index.php?rest_route=\/wp\/v2\/posts\/52","targetHints":{"allow":["GET"]}}],"collection":[{"href":"https:\/\/www.technology-guerilla.de\/index.php?rest_route=\/wp\/v2\/posts"}],"about":[{"href":"https:\/\/www.technology-guerilla.de\/index.php?rest_route=\/wp\/v2\/types\/post"}],"author":[{"embeddable":true,"href":"https:\/\/www.technology-guerilla.de\/index.php?rest_route=\/wp\/v2\/users\/2"}],"replies":[{"embeddable":true,"href":"https:\/\/www.technology-guerilla.de\/index.php?rest_route=%2Fwp%2Fv2%2Fcomments&post=52"}],"version-history":[{"count":4,"href":"https:\/\/www.technology-guerilla.de\/index.php?rest_route=\/wp\/v2\/posts\/52\/revisions"}],"predecessor-version":[{"id":56,"href":"https:\/\/www.technology-guerilla.de\/index.php?rest_route=\/wp\/v2\/posts\/52\/revisions\/56"}],"wp:attachment":[{"href":"https:\/\/www.technology-guerilla.de\/index.php?rest_route=%2Fwp%2Fv2%2Fmedia&parent=52"}],"wp:term":[{"taxonomy":"category","embeddable":true,"href":"https:\/\/www.technology-guerilla.de\/index.php?rest_route=%2Fwp%2Fv2%2Fcategories&post=52"},{"taxonomy":"post_tag","embeddable":true,"href":"https:\/\/www.technology-guerilla.de\/index.php?rest_route=%2Fwp%2Fv2%2Ftags&post=52"}],"curies":[{"name":"wp","href":"https:\/\/api.w.org\/{rel}","templated":true}]}}